{"id":9352,"date":"2019-11-29T19:05:18","date_gmt":"2019-11-29T18:05:18","guid":{"rendered":"http:\/\/www.icbie.net\/?p=9352"},"modified":"2021-07-07T19:32:51","modified_gmt":"2021-07-07T19:32:51","slug":"workshops-of-the-viii-ebm-exhibition-bazaar-and-music","status":"publish","type":"post","link":"https:\/\/icbie.net.br\/pt\/workshops-of-the-viii-ebm-exhibition-bazaar-and-music\/","title":{"rendered":"Oficina do VIII EBM &#8211; Exposi\u00e7\u00e3o, Bazar e M\u00fasica"},"content":{"rendered":"<p>Nesta oitava edi\u00e7\u00e3o do EBM (Exposi\u00e7\u00e3o, Bazar e M\u00fasica) o seu formato \u00e9 ampliado e se transforma em um festival com a realiza\u00e7\u00e3o de oficinas de Introdu\u00e7\u00e3o e Prepara\u00e7\u00e3o ao Canto com Gessica Lima, Introdu\u00e7\u00e3o aos Instrumentos de Sopro com Roy Zimmerman, Introdu\u00e7\u00e3o ao Grafite com Josemar Oliveira (Sagaz) e Elementos de Dan\u00e7a Afro com Paco Gomes no per\u00edodo de 12 a 29 de novembro.<\/p>\n<p>Esse ano o EBM conta com o financiamento da Funda\u00e7\u00e3o Greg\u00f3rio de Matos, Prefeitura de Salvador, atrav\u00e9s do Edital Arte Todo Dia \u2013 Ano V.<\/p>\n<p>Dia 30 de novembro teremos a abertura da Exposi\u00e7\u00e3o, que neste ano hospeda a 11\u00aa Mostra de Arte e Cultura de Itapagipe e dia 1\u00ba de dezembro \u00e9 o encerramento com muita arte e festa!<\/p>\n<p>Confira abaixo a programa\u00e7\u00e3o!<\/p>\n<p>PROGRAMA\u00c7\u00c3O:<\/p>\n<p>S\u00c1BADO, 30 DE NOVEMBRO:<br \/>\n19h &#8211; Abertura da Exposi\u00e7\u00e3o do VIII EBM, que neste ano hospeda a 11\u00aa Mostra de Arte e Cultura de Itapagipe.<\/p>\n<p>DOMINGO, 01 DE DEZEMBRO:<br \/>\n14h00- In\u00edcio do Live painting de grafite<br \/>\n16h00: Oficina de Customiza\u00e7\u00e3o e abertura do Bazar anual do EBM<br \/>\nA partir das 17h00<br \/>\nInterven\u00e7\u00f5es do resultado das oficinas das turmas de canto e de instrumento de sopro.<br \/>\nApresenta\u00e7\u00f5es musicais com:<br \/>\nBANDA VARAL DE CORDEL, BRUNO O SUSPEITO (A Rua Se Conhece), e MAVI.<br \/>\nTeremos tamb\u00e9m a participa\u00e7\u00e3o da BANDA BANANA GOURMET e VICTOR VITT\u00d3RIA.<\/p>\n<hr \/>\n<p>Oficina de canto com G\u00e9ssica<\/p>\n<p><a href=\"http:\/\/www.icbie.net\/wp-content\/uploads\/2019\/11\/CANTO-2.jpg\"><img loading=\"lazy\" decoding=\"async\" class=\"alignleft size-full wp-image-9353\" src=\"http:\/\/www.icbie.net\/wp-content\/uploads\/2019\/11\/CANTO-2.jpg\" alt=\"\" width=\"3264\" height=\"2448\" \/><\/a><a href=\"http:\/\/www.icbie.net\/wp-content\/uploads\/2019\/11\/CANTO-1.jpg\"><img loading=\"lazy\" decoding=\"async\" class=\"alignleft size-full wp-image-9360\" src=\"http:\/\/www.icbie.net\/wp-content\/uploads\/2019\/11\/CANTO-1.jpg\" alt=\"\" width=\"3264\" height=\"2448\" \/><\/a>Oficina de Instrumento de Sopro com Roy<\/p>\n<p><a href=\"http:\/\/www.icbie.net\/wp-content\/uploads\/2019\/11\/SAM_7726.jpg\"><img loading=\"lazy\" decoding=\"async\" class=\"size-full wp-image-9367\" src=\"http:\/\/www.icbie.net\/wp-content\/uploads\/2019\/11\/SAM_7726.jpg\" alt=\"\" width=\"1728\" height=\"1152\" \/><\/a><\/p>\n<p>Desenho da Observa\u00e7\u00e3o com Josemar<\/p>\n<p><a href=\"http:\/\/www.icbie.net\/wp-content\/uploads\/2019\/11\/desenho-1-1.jpg\"><img loading=\"lazy\" decoding=\"async\" class=\"alignleft size-full wp-image-9361\" src=\"http:\/\/www.icbie.net\/wp-content\/uploads\/2019\/11\/desenho-1-1.jpg\" alt=\"\" width=\"1280\" height=\"960\" \/><\/a><a href=\"http:\/\/www.icbie.net\/wp-content\/uploads\/2019\/11\/desenho-1-2.jpg\"><img loading=\"lazy\" decoding=\"async\" class=\"alignleft size-full wp-image-9362\" src=\"http:\/\/www.icbie.net\/wp-content\/uploads\/2019\/11\/desenho-1-2.jpg\" alt=\"\" width=\"720\" height=\"1280\" \/><\/a>Grafiti com Josemar<\/p>\n<p><a href=\"http:\/\/www.icbie.net\/wp-content\/uploads\/2019\/11\/GRAFITE-2.jpeg\"><img loading=\"lazy\" decoding=\"async\" class=\"alignleft size-full wp-image-9366\" src=\"http:\/\/www.icbie.net\/wp-content\/uploads\/2019\/11\/GRAFITE-2.jpeg\" alt=\"\" width=\"1280\" height=\"960\" \/><\/a><a href=\"http:\/\/www.icbie.net\/wp-content\/uploads\/2019\/11\/GRAFITE-1.jpeg\"><img loading=\"lazy\" decoding=\"async\" class=\"alignleft size-full wp-image-9365\" src=\"http:\/\/www.icbie.net\/wp-content\/uploads\/2019\/11\/GRAFITE-1.jpeg\" alt=\"\" width=\"1040\" height=\"584\" \/><\/a><a href=\"http:\/\/www.icbie.net\/wp-content\/uploads\/2019\/11\/GRAFITE-4.jpg\"><img loading=\"lazy\" decoding=\"async\" class=\"alignleft size-full wp-image-9364\" src=\"http:\/\/www.icbie.net\/wp-content\/uploads\/2019\/11\/GRAFITE-4.jpg\" alt=\"\" width=\"2448\" height=\"3264\" \/><\/a><a href=\"http:\/\/www.icbie.net\/wp-content\/uploads\/2019\/11\/GRAFITE-3.jpg\"><img loading=\"lazy\" decoding=\"async\" class=\"alignleft size-full wp-image-9363\" src=\"http:\/\/www.icbie.net\/wp-content\/uploads\/2019\/11\/GRAFITE-3.jpg\" alt=\"\" width=\"2448\" height=\"3264\" \/><\/a>Dan\u00e7a Afro com Paco<\/p>\n<p><a href=\"http:\/\/www.icbie.net\/wp-content\/uploads\/2019\/11\/DANC\u0327A-1-.jpg\"><img loading=\"lazy\" decoding=\"async\" class=\"alignleft size-full wp-image-9358\" src=\"http:\/\/www.icbie.net\/wp-content\/uploads\/2019\/11\/DANC\u0327A-1-.jpg\" alt=\"\" width=\"1052\" height=\"780\" \/><\/a><a href=\"http:\/\/www.icbie.net\/wp-content\/uploads\/2019\/11\/DANC\u0327A-2.jpg\"><img loading=\"lazy\" decoding=\"async\" class=\"alignleft size-full wp-image-9359\" src=\"http:\/\/www.icbie.net\/wp-content\/uploads\/2019\/11\/DANC\u0327A-2.jpg\" alt=\"\" width=\"960\" height=\"712\" \/><\/a><\/p>\n<div id=\"attachment_9368\" style=\"width: 1738px\"  class=\"wp-caption alignleft\"><a href=\"http:\/\/www.icbie.net\/wp-content\/uploads\/2019\/11\/SAM_7721.jpg\"><img loading=\"lazy\" decoding=\"async\" class=\"size-full wp-image-9368\" src=\"http:\/\/www.icbie.net\/wp-content\/uploads\/2019\/11\/SAM_7721.jpg\" alt=\"\" width=\"1728\" height=\"1152\" \/><\/a><p class=\"wp-caption-text\">SAMSUNG CSC<\/p><\/div>\n<p><a href=\"http:\/\/www.icbie.net\/wp-content\/uploads\/2019\/11\/DANC\u0327A-4.jpg\"><img loading=\"lazy\" decoding=\"async\" class=\"alignleft size-full wp-image-9356\" src=\"http:\/\/www.icbie.net\/wp-content\/uploads\/2019\/11\/DANC\u0327A-4.jpg\" alt=\"\" width=\"2448\" height=\"3264\" \/><\/a><a href=\"http:\/\/www.icbie.net\/wp-content\/uploads\/2019\/11\/DANC\u0327A-5.jpeg\"><img loading=\"lazy\" decoding=\"async\" class=\"alignleft size-full wp-image-9357\" src=\"http:\/\/www.icbie.net\/wp-content\/uploads\/2019\/11\/DANC\u0327A-5.jpeg\" alt=\"\" width=\"1032\" height=\"774\" \/><\/a><a href=\"http:\/\/www.icbie.net\/wp-content\/uploads\/2019\/11\/CARD-EBM.jpeg\"><img loading=\"lazy\" decoding=\"async\" class=\"alignleft size-full wp-image-9354\" src=\"http:\/\/www.icbie.net\/wp-content\/uploads\/2019\/11\/CARD-EBM.jpeg\" alt=\"\" width=\"1179\" height=\"1177\" \/><\/a><\/p>\n","protected":false},"excerpt":{"rendered":"<p>Nesta oitava edi\u00e7\u00e3o do EBM (Exposi\u00e7\u00e3o, Bazar e M\u00fasica) o seu formato \u00e9 ampliado e se transforma em um festival com a realiza\u00e7\u00e3o de oficinas de Introdu\u00e7\u00e3o e Prepara\u00e7\u00e3o ao Canto com Gessica Lima, Introdu\u00e7\u00e3o aos Instrumentos de Sopro com Roy Zimmerman, Introdu\u00e7\u00e3o ao Grafite com Josemar Oliveira (Sagaz) e Elementos de Dan\u00e7a Afro com Paco Gomes no per\u00edodo de 12 a 29 de novembro. Esse ano o EBM conta com o financiamento da Funda\u00e7\u00e3o Greg\u00f3rio de Matos, Prefeitura de Salvador, atrav\u00e9s do Edital Arte Todo Dia \u2013 Ano V. Dia 30 de novembro teremos a abertura da Exposi\u00e7\u00e3o, que neste ano hospeda a 11\u00aa Mostra de Arte e Cultura de Itapagipe e dia 1\u00ba de dezembro \u00e9 o encerramento com muita arte e festa! Confira abaixo a programa\u00e7\u00e3o! PROGRAMA\u00c7\u00c3O: S\u00c1BADO, 30 DE NOVEMBRO: 19h &#8211; Abertura da Exposi\u00e7\u00e3o do VIII EBM, que neste ano hospeda a 11\u00aa Mostra de Arte e Cultura de Itapagipe. DOMINGO, 01 DE DEZEMBRO: 14h00- In\u00edcio do Live painting de grafite 16h00: Oficina de Customiza\u00e7\u00e3o e abertura do Bazar anual do EBM A partir das 17h00 Interven\u00e7\u00f5es do resultado das oficinas das turmas de canto e de instrumento de sopro. Apresenta\u00e7\u00f5es musicais com: BANDA VARAL&#8230;<\/p>\n","protected":false},"author":15,"featured_media":9357,"comment_status":"open","ping_status":"open","sticky":false,"template":"","format":"standard","meta":{"give_campaign_id":0,"footnotes":""},"categories":[96],"tags":[],"class_list":["post-9352","post","type-post","status-publish","format-standard","has-post-thumbnail","hentry","category-icbie-news"],"_links":{"self":[{"href":"https:\/\/icbie.net.br\/pt\/wp-json\/wp\/v2\/posts\/9352","targetHints":{"allow":["GET"]}}],"collection":[{"href":"https:\/\/icbie.net.br\/pt\/wp-json\/wp\/v2\/posts"}],"about":[{"href":"https:\/\/icbie.net.br\/pt\/wp-json\/wp\/v2\/types\/post"}],"author":[{"embeddable":true,"href":"https:\/\/icbie.net.br\/pt\/wp-json\/wp\/v2\/users\/15"}],"replies":[{"embeddable":true,"href":"https:\/\/icbie.net.br\/pt\/wp-json\/wp\/v2\/comments?post=9352"}],"version-history":[{"count":2,"href":"https:\/\/icbie.net.br\/pt\/wp-json\/wp\/v2\/posts\/9352\/revisions"}],"predecessor-version":[{"id":23618,"href":"https:\/\/icbie.net.br\/pt\/wp-json\/wp\/v2\/posts\/9352\/revisions\/23618"}],"wp:featuredmedia":[{"embeddable":true,"href":"https:\/\/icbie.net.br\/pt\/wp-json\/"}],"wp:attachment":[{"href":"https:\/\/icbie.net.br\/pt\/wp-json\/wp\/v2\/media?parent=9352"}],"wp:term":[{"taxonomy":"category","embeddable":true,"href":"https:\/\/icbie.net.br\/pt\/wp-json\/wp\/v2\/categories?post=9352"},{"taxonomy":"post_tag","embeddable":true,"href":"https:\/\/icbie.net.br\/pt\/wp-json\/wp\/v2\/tags?post=9352"}],"curies":[{"name":"wp","href":"https:\/\/api.w.org\/{rel}","templated":true}]}}