{"id":8900,"date":"2018-09-04T21:09:40","date_gmt":"2018-09-04T19:09:40","guid":{"rendered":"http:\/\/www.icbie.net\/?p=8900"},"modified":"2021-07-07T19:47:51","modified_gmt":"2021-07-07T19:47:51","slug":"july-and-august-at-the-icbie","status":"publish","type":"post","link":"https:\/\/icbie.net.br\/pt\/july-and-august-at-the-icbie\/","title":{"rendered":"Julho e agosto: meses ricos no ICBIE."},"content":{"rendered":"<p><strong>Julho e agosto: meses ricos no ICBIE<\/strong>.<\/p>\n<p>Os meses de julho e agosto foram cheios de muita atividade e acontecimentos no ICBIE. A partir do m\u00eas de julho deu-se in\u00edcio \u00e0 \u00faltima edi\u00e7\u00e3o do 2\u00ba ano do projeto \u201cICBIE Ponto de Cultura da Ribeira\u201d, finalizando com a realiza\u00e7\u00e3o da s\u00e9rie de eventos e atividades culturais voltados para a tem\u00e1tica \u201cCinema Documental\u201d. Todos os eventos aconteceram na sede do Instituto sempre com entrada franca para todos.<br \/>\nA programa\u00e7\u00e3o do evento prometeu e reuniu uma mostra cinematogr\u00e1fica documental, oficinas de imagem e v\u00eddeo, mesas de debates, dan\u00e7a, teatro e muito mais.<\/p>\n<p><a href=\"http:\/\/www.icbie.net\/wp-content\/uploads\/2018\/09\/544_n.jpg\" rel=\"attachment wp-att-8902\"><img loading=\"lazy\" decoding=\"async\" class=\"alignleft size-full wp-image-8902\" src=\"http:\/\/www.icbie.net\/wp-content\/uploads\/2018\/09\/544_n.jpg\" alt=\"544_n\" width=\"594\" height=\"600\" \/><\/a><br \/>\nOs document\u00e1rios selecionados para a mostra tiveram a curadoria de Pietro Gallina que priorizou temas diversificados, por\u00e9m sempre preocupado em trazer uma rica carga de conhecimento aos espectadores. T\u00edtulos tais como \u201cBahia de todos os Sambas\u201d, \u201cA Hist\u00f3ria das Coisas\u201d, \u201cA Casa do Mestre Andr\u00e9\u201d, \u201cOmol\u00fa &#8211; Dan\u00e7a, Ritual, Vida\u201d, \u201cO Mundo Segundo a Monsanto\u201d fizeram parte da programa\u00e7\u00e3o. E no final de todas as proje\u00e7\u00f5es foram realizados debates e discuss\u00f5es com a plateia sobre as respectivas tem\u00e1ticas apenas abordadas.<\/p>\n<p>Os document\u00e1rios \u201cA Hist\u00f3ria das Coisas\u201d e \u201cA Casa do Mestre Andr\u00e9\u201d, foram selecionados com inten\u00e7\u00e3o de atingir o p\u00fablico infantil. Como o sucesso dessas duas proje\u00e7\u00f5es num mesmo dia foi t\u00e3o grande, escolas e institui\u00e7\u00f5es da comunidade, como a ABEAC, Escola Municipal Eloina Barradas, Escola Municipal Maria Jos\u00e9 de Paula, demonstraram tamanho interesse nas proje\u00e7\u00f5es que foram realizadas quatro novas reprises em dias diferentes das programa\u00e7\u00f5es para que ningu\u00e9m ficasse de fora.<\/p>\n<p><a href=\"http:\/\/www.icbie.net\/wp-content\/uploads\/2018\/09\/IMG101047.jpg\" rel=\"attachment wp-att-8905\"><img loading=\"lazy\" decoding=\"async\" class=\"alignleft size-full wp-image-8905\" src=\"http:\/\/www.icbie.net\/wp-content\/uploads\/2018\/09\/IMG101047.jpg\" alt=\"IMG101047\" width=\"800\" height=\"600\" \/><\/a> <a href=\"http:\/\/www.icbie.net\/wp-content\/uploads\/2018\/09\/IMG101137.jpg\" rel=\"attachment wp-att-8906\"><img loading=\"lazy\" decoding=\"async\" class=\"alignleft size-full wp-image-8906\" src=\"http:\/\/www.icbie.net\/wp-content\/uploads\/2018\/09\/IMG101137.jpg\" alt=\"IMG101137\" width=\"800\" height=\"600\" \/><\/a> <a href=\"http:\/\/www.icbie.net\/wp-content\/uploads\/2018\/09\/IMG105800.jpg\" rel=\"attachment wp-att-8904\"><img loading=\"lazy\" decoding=\"async\" class=\"alignleft size-full wp-image-8904\" src=\"http:\/\/www.icbie.net\/wp-content\/uploads\/2018\/09\/IMG105800.jpg\" alt=\"IMG105800\" width=\"800\" height=\"600\" \/><\/a> <a href=\"http:\/\/www.icbie.net\/wp-content\/uploads\/2018\/09\/IMG155712.jpg\" rel=\"attachment wp-att-8903\"><img loading=\"lazy\" decoding=\"async\" class=\"alignleft size-full wp-image-8903\" src=\"http:\/\/www.icbie.net\/wp-content\/uploads\/2018\/09\/IMG155712.jpg\" alt=\"IMG155712\" width=\"800\" height=\"600\" \/><\/a><\/p>\n<p>As oficinas de capta\u00e7\u00e3o de imagens e introdu\u00e7\u00e3o \u00e0 edi\u00e7\u00e3o de v\u00eddeo atenderam \u00e0s expectativas e tivemos recorde de inscri\u00e7\u00f5es, sendo necess\u00e1rio at\u00e9 criar uma lista de espera de interessados. O facilitador foi Stefano Barbi Cinti, VideoMaker profissional, com uma longa experi\u00eancia na televis\u00e3o italiana (RAI) onde atuava como v\u00eddeo rep\u00f3rter. Os encontros aconteciam em dias alternados, com uma m\u00e9dia de dura\u00e7\u00e3o de 3 horas, durando tamb\u00e9m um dia inteiro em certos momentos. O interesse dos alunos inspirava os colaboradores tanto que as oficinas se prorrogaram por mais dias do que o programado.<\/p>\n<p><a href=\"http:\/\/www.icbie.net\/wp-content\/uploads\/2018\/09\/IMG101906.jpg\" rel=\"attachment wp-att-8910\"><img loading=\"lazy\" decoding=\"async\" class=\"alignleft size-full wp-image-8910\" src=\"http:\/\/www.icbie.net\/wp-content\/uploads\/2018\/09\/IMG101906.jpg\" alt=\"IMG101906\" width=\"800\" height=\"600\" \/><\/a> <a href=\"http:\/\/www.icbie.net\/wp-content\/uploads\/2018\/09\/IMG165703.jpg\" rel=\"attachment wp-att-8907\"><img loading=\"lazy\" decoding=\"async\" class=\"alignleft size-full wp-image-8907\" src=\"http:\/\/www.icbie.net\/wp-content\/uploads\/2018\/09\/IMG165703.jpg\" alt=\"IMG165703\" width=\"800\" height=\"600\" \/><\/a> <a href=\"http:\/\/www.icbie.net\/wp-content\/uploads\/2018\/09\/IMG160009.jpg\" rel=\"attachment wp-att-8909\"><img loading=\"lazy\" decoding=\"async\" class=\"alignleft size-full wp-image-8909\" src=\"http:\/\/www.icbie.net\/wp-content\/uploads\/2018\/09\/IMG160009.jpg\" alt=\"IMG160009\" width=\"800\" height=\"600\" \/><\/a> <a href=\"http:\/\/www.icbie.net\/wp-content\/uploads\/2018\/09\/IMG160017.jpg\" rel=\"attachment wp-att-8908\"><img loading=\"lazy\" decoding=\"async\" class=\"alignleft size-full wp-image-8908\" src=\"http:\/\/www.icbie.net\/wp-content\/uploads\/2018\/09\/IMG160017.jpg\" alt=\"IMG160017\" width=\"800\" height=\"600\" \/><\/a><br \/>\nAproveitando o entusiasmo manifesto durante as oficinas, a equipe envolvida, com a aprova\u00e7\u00e3o e o apoio da diretoria do Instituto, criou o N\u00facleo de Audiovisual do ICBIE. O coletivo a partir de hoje vai trabalhar na produ\u00e7\u00e3o de material audiovisual para promo\u00e7\u00e3o das atividades do ICBIE, assim como na realiza\u00e7\u00e3o de material de sensibiliza\u00e7\u00e3o e informa\u00e7\u00e3o sobre temas atuais e interessantes para a sociedade como um todo.<\/p>\n<p>As interven\u00e7\u00f5es art\u00edsticas ficaram por conta dos alunos colaboradores do ICBIE, tais como Talita Sueli e Luiz Henrique que deram um show com seu espet\u00e1culo de dan\u00e7a titulado \u201cTransmuta\u00e7\u00f5es\u201d, deixando o p\u00fablico em \u00eaxtase. A Piccola Companhia de Teatro e M\u00fasica ICBIE tamb\u00e9m marcou presen\u00e7a com seu espet\u00e1culo de m\u00e1scara muito bem cotado, dirigido por Alex Nascimento.<\/p>\n<p><a href=\"http:\/\/www.icbie.net\/wp-content\/uploads\/2018\/09\/img_3568.jpg\" rel=\"attachment wp-att-8911\"><img loading=\"lazy\" decoding=\"async\" class=\"alignleft size-full wp-image-8911\" src=\"http:\/\/www.icbie.net\/wp-content\/uploads\/2018\/09\/img_3568.jpg\" alt=\"img_3568\" width=\"800\" height=\"600\" \/><\/a> <a href=\"http:\/\/www.icbie.net\/wp-content\/uploads\/2018\/09\/IMG183627.jpg\" rel=\"attachment wp-att-8915\"><img loading=\"lazy\" decoding=\"async\" class=\"alignleft size-full wp-image-8915\" src=\"http:\/\/www.icbie.net\/wp-content\/uploads\/2018\/09\/IMG183627.jpg\" alt=\"IMG183627\" width=\"800\" height=\"600\" \/><\/a> <a href=\"http:\/\/www.icbie.net\/wp-content\/uploads\/2018\/09\/IMG_3549.jpg\" rel=\"attachment wp-att-8912\"><img loading=\"lazy\" decoding=\"async\" class=\"alignleft size-full wp-image-8912\" src=\"http:\/\/www.icbie.net\/wp-content\/uploads\/2018\/09\/IMG_3549.jpg\" alt=\"IMG_3549\" width=\"800\" height=\"533\" \/><\/a> <a href=\"http:\/\/www.icbie.net\/wp-content\/uploads\/2018\/09\/IMG_3515.jpg\" rel=\"attachment wp-att-8913\"><img loading=\"lazy\" decoding=\"async\" class=\"alignleft size-full wp-image-8913\" src=\"http:\/\/www.icbie.net\/wp-content\/uploads\/2018\/09\/IMG_3515.jpg\" alt=\"IMG_3515\" width=\"800\" height=\"533\" \/><\/a> <a href=\"http:\/\/www.icbie.net\/wp-content\/uploads\/2018\/09\/IMG_0315.jpg\" rel=\"attachment wp-att-8914\"><img loading=\"lazy\" decoding=\"async\" class=\"alignleft size-full wp-image-8914\" src=\"http:\/\/www.icbie.net\/wp-content\/uploads\/2018\/09\/IMG_0315.jpg\" alt=\"IMG_0315\" width=\"800\" height=\"533\" \/><\/a><\/p>\n<p>O encerramento do evento Cinema Documental aconteceu no dia 19 de agosto, um domingo, \u00e0s 17h, quando todos puderam apreciar o v\u00eddeo institucional criado pelos alunos das oficinas de imagem e v\u00eddeo. Muito emocionante ver nosso trabalho representado em um \u201cminidocument\u00e1rio\u201d. Logo ap\u00f3s a proje\u00e7\u00e3o, todos os presentes puderam dar sugest\u00f5es t\u00e9cnicas e de melhoria do v\u00eddeo. Depois da proje\u00e7\u00e3o, um delicioso caf\u00e9 de agradecimento foi servido exibindo os dotes culin\u00e1rios de Marlene de Souza, bolos, tortas, mungunz\u00e1, sandu\u00edches e sucos fizeram a alegria de todos.<\/p>\n<p><a href=\"http:\/\/www.icbie.net\/wp-content\/uploads\/2018\/09\/IMG_0314.jpg\" rel=\"attachment wp-att-8916\"><img loading=\"lazy\" decoding=\"async\" class=\"alignleft size-full wp-image-8916\" src=\"http:\/\/www.icbie.net\/wp-content\/uploads\/2018\/09\/IMG_0314.jpg\" alt=\"IMG_0314\" width=\"800\" height=\"533\" \/><\/a> <a href=\"http:\/\/www.icbie.net\/wp-content\/uploads\/2018\/09\/IMG185419.jpg\" rel=\"attachment wp-att-8917\"><img loading=\"lazy\" decoding=\"async\" class=\"alignleft size-full wp-image-8917\" src=\"http:\/\/www.icbie.net\/wp-content\/uploads\/2018\/09\/IMG185419.jpg\" alt=\"IMG185419\" width=\"800\" height=\"600\" \/><\/a><\/p>\n<p>Al\u00e9m da programa\u00e7\u00e3o do Cinema Documental, muitas outras atividades foram desenvolvidas no espa\u00e7o. Recebemos o artista espanhol Javier Zorrilla de Madri que realizou uma masterclass de aquarela de dois dias na sede do ICBIE, trazendo p\u00fablico da Cidade Alta de Salvador para conhecer o espa\u00e7o. A organiza\u00e7\u00e3o dessa atividade ficou sobre a curadoria da nossa G\u00e9ssica Lima e S\u00e9rgio Bordim.<\/p>\n<p><a href=\"http:\/\/www.icbie.net\/wp-content\/uploads\/2018\/09\/224_n.jpg\" rel=\"attachment wp-att-8919\"><img loading=\"lazy\" decoding=\"async\" class=\"alignleft size-full wp-image-8919\" src=\"http:\/\/www.icbie.net\/wp-content\/uploads\/2018\/09\/224_n.jpg\" alt=\"224_n\" width=\"800\" height=\"600\" \/><\/a> <a href=\"http:\/\/www.icbie.net\/wp-content\/uploads\/2018\/09\/488_n.jpg\" rel=\"attachment wp-att-8918\"><img loading=\"lazy\" decoding=\"async\" class=\"alignleft size-full wp-image-8918\" src=\"http:\/\/www.icbie.net\/wp-content\/uploads\/2018\/09\/488_n.jpg\" alt=\"488_n\" width=\"450\" height=\"600\" \/><\/a> <a href=\"http:\/\/www.icbie.net\/wp-content\/uploads\/2018\/09\/264_n.jpg\" rel=\"attachment wp-att-8920\"><img loading=\"lazy\" decoding=\"async\" class=\"alignleft size-full wp-image-8920\" src=\"http:\/\/www.icbie.net\/wp-content\/uploads\/2018\/09\/264_n.jpg\" alt=\"264_n\" width=\"800\" height=\"600\" \/><\/a> <a href=\"http:\/\/www.icbie.net\/wp-content\/uploads\/2018\/09\/448_n.jpg\" rel=\"attachment wp-att-8921\"><img loading=\"lazy\" decoding=\"async\" class=\"alignleft size-full wp-image-8921\" src=\"http:\/\/www.icbie.net\/wp-content\/uploads\/2018\/09\/448_n.jpg\" alt=\"448_n\" width=\"800\" height=\"600\" \/><\/a><\/p>\n<p>&nbsp;<\/p>\n<p>&nbsp;<\/p>\n<p>&nbsp;<\/p>\n<p>&nbsp;<\/p>\n<p>&nbsp;<\/p>\n<p>&nbsp;<\/p>\n<p>&nbsp;<\/p>\n<p>&nbsp;<\/p>\n<p>&nbsp;<\/p>\n<p>&nbsp;<\/p>\n<p>&nbsp;<\/p>\n<p>&nbsp;<\/p>\n<p>&nbsp;<\/p>\n<p>&nbsp;<\/p>\n<p>&nbsp;<\/p>\n<p>&nbsp;<\/p>\n<p>&nbsp;<\/p>\n<p>&nbsp;<\/p>\n<p>&nbsp;<\/p>\n<p>&nbsp;<\/p>\n<p>&nbsp;<\/p>\n<p>&nbsp;<\/p>\n<p>&nbsp;<\/p>\n<p>No m\u00eas de julho, o ICBIE tamb\u00e9m foi espa\u00e7o de argumenta\u00e7\u00e3o e debate pol\u00edtico, trazendo como tem\u00e1tica \u201cA Conjuntura Pol\u00edtica Atual\u201d, o qual teve a participa\u00e7\u00e3o da Deputada Federal, Alice Portugal, e outras figuras pol\u00edticas de Salvador. A organiza\u00e7\u00e3o desse evento ficou a cargo do colaborador Jair Fonseca e do Distrital Itapagipe. O espa\u00e7o lotou e a participa\u00e7\u00e3o da comunidade foi satisfatoriamente ativa, com muitas perguntas e contribui\u00e7\u00f5es.<\/p>\n<p><a href=\"http:\/\/www.icbie.net\/wp-content\/uploads\/2018\/09\/064_n.jpg\" rel=\"attachment wp-att-8922\"><img loading=\"lazy\" decoding=\"async\" class=\"alignleft size-full wp-image-8922\" src=\"http:\/\/www.icbie.net\/wp-content\/uploads\/2018\/09\/064_n.jpg\" alt=\"064_n\" width=\"800\" height=\"600\" \/><\/a><\/p>\n<p>E, n\u00e3o podemos esquecer-nos de mencionar os tradicionais cursos de idiomas do ICBIE que tamb\u00e9m iniciaram seu segundo semestre em agosto. D\u00e1 prazer de ver as salas cheias e alunos compromissados. Os cursos de italiano b\u00e1sico e intermedi\u00e1rio, e ingl\u00eas b\u00e1sico I e II acontecem nas Ter\u00e7as e Quintas, Quartas e Sextas \u00e0 noite, e tamb\u00e9m aos s\u00e1bados pela manh\u00e3, tendo como professora, a maravilhosa Marlene de Souza.<\/p>\n<p>Come\u00e7amos o segundo semestre de 2018 cheios de novidades e acontecimentos. Esperando que este seja um excelente press\u00e1gio para os meses que vir\u00e3o.<\/p>\n<p>Meg Boaventura<\/p>\n","protected":false},"excerpt":{"rendered":"<p>Julho e agosto: meses ricos no ICBIE. Os meses de julho e agosto foram cheios de muita atividade e acontecimentos no ICBIE. A partir do m\u00eas de julho deu-se in\u00edcio \u00e0 \u00faltima edi\u00e7\u00e3o do 2\u00ba ano do projeto \u201cICBIE Ponto de Cultura da Ribeira\u201d, finalizando com a realiza\u00e7\u00e3o da s\u00e9rie de eventos e atividades culturais voltados para a tem\u00e1tica \u201cCinema Documental\u201d. Todos os eventos aconteceram na sede do Instituto sempre com entrada franca para todos. A programa\u00e7\u00e3o do evento prometeu e reuniu uma mostra cinematogr\u00e1fica documental, oficinas de imagem e v\u00eddeo, mesas de debates, dan\u00e7a, teatro e muito mais. Os document\u00e1rios selecionados para a mostra tiveram a curadoria de Pietro Gallina que priorizou temas diversificados, por\u00e9m sempre preocupado em trazer uma rica carga de conhecimento aos espectadores. T\u00edtulos tais como \u201cBahia de todos os Sambas\u201d, \u201cA Hist\u00f3ria das Coisas\u201d, \u201cA Casa do Mestre Andr\u00e9\u201d, \u201cOmol\u00fa &#8211; Dan\u00e7a, Ritual, Vida\u201d, \u201cO Mundo Segundo a Monsanto\u201d fizeram parte da programa\u00e7\u00e3o. E no final de todas as proje\u00e7\u00f5es foram realizados debates e discuss\u00f5es com a plateia sobre as respectivas tem\u00e1ticas apenas abordadas. Os document\u00e1rios \u201cA Hist\u00f3ria das Coisas\u201d e \u201cA Casa do Mestre Andr\u00e9\u201d, foram selecionados com inten\u00e7\u00e3o de atingir o p\u00fablico infantil&#8230;.<\/p>\n","protected":false},"author":15,"featured_media":8901,"comment_status":"open","ping_status":"open","sticky":false,"template":"","format":"standard","meta":{"give_campaign_id":0,"footnotes":""},"categories":[96],"tags":[],"class_list":["post-8900","post","type-post","status-publish","format-standard","has-post-thumbnail","hentry","category-icbie-news"],"_links":{"self":[{"href":"https:\/\/icbie.net.br\/pt\/wp-json\/wp\/v2\/posts\/8900","targetHints":{"allow":["GET"]}}],"collection":[{"href":"https:\/\/icbie.net.br\/pt\/wp-json\/wp\/v2\/posts"}],"about":[{"href":"https:\/\/icbie.net.br\/pt\/wp-json\/wp\/v2\/types\/post"}],"author":[{"embeddable":true,"href":"https:\/\/icbie.net.br\/pt\/wp-json\/wp\/v2\/users\/15"}],"replies":[{"embeddable":true,"href":"https:\/\/icbie.net.br\/pt\/wp-json\/wp\/v2\/comments?post=8900"}],"version-history":[{"count":1,"href":"https:\/\/icbie.net.br\/pt\/wp-json\/wp\/v2\/posts\/8900\/revisions"}],"predecessor-version":[{"id":23633,"href":"https:\/\/icbie.net.br\/pt\/wp-json\/wp\/v2\/posts\/8900\/revisions\/23633"}],"wp:featuredmedia":[{"embeddable":true,"href":"https:\/\/icbie.net.br\/pt\/wp-json\/"}],"wp:attachment":[{"href":"https:\/\/icbie.net.br\/pt\/wp-json\/wp\/v2\/media?parent=8900"}],"wp:term":[{"taxonomy":"category","embeddable":true,"href":"https:\/\/icbie.net.br\/pt\/wp-json\/wp\/v2\/categories?post=8900"},{"taxonomy":"post_tag","embeddable":true,"href":"https:\/\/icbie.net.br\/pt\/wp-json\/wp\/v2\/tags?post=8900"}],"curies":[{"name":"wp","href":"https:\/\/api.w.org\/{rel}","templated":true}]}}