{"id":24243,"date":"2023-06-27T15:13:44","date_gmt":"2023-06-27T15:13:44","guid":{"rendered":"https:\/\/icbie.net.br\/?p=24243"},"modified":"2023-06-27T15:14:44","modified_gmt":"2023-06-27T15:14:44","slug":"lancamento-do-livro-de-paranagua","status":"publish","type":"post","link":"https:\/\/icbie.net.br\/it\/lancamento-do-livro-de-paranagua\/","title":{"rendered":"Presentazione del libro"},"content":{"rendered":"<div class=\"wpb-content-wrapper\"><section class=\"vc_row wpb_row vc_row-fluid  vc_custom_1507696989698\"><div class=\"wpb_column vc_column_container  col-xs-mobile-fullwidth\"><div class=\"vc_column-inner \"><div class=\"wpb_wrapper\"><div class=\"last-paragraph-no-margin\"><h5 style=\"text-align: center;\">\u00a0\u00a0\u00a0\u00a0\u00a0\u00a0\u00a0\u00a0\u00a0\u00a0 \u201cDi\u00e1logos com a cidade: o que dizem os poetas do Spray!\u201d Jos\u00e9 Paranagu\u00e1<\/h5>\n<\/div><div class=\"last-paragraph-no-margin\"><p style=\"text-align: justify;\"><span style=\"font-weight: 400;\">Sabato 03 giugno, l\u2019ICBIE \u00e8 stato palcoscenico della presentazione del libro \u201cDi\u00e1logos com a cidade: o que dizem os poetas do Spray!\u201d del nostro caro collaboratore e amico Jos\u00e9 Paranagu\u00e1.<\/span><\/p>\n<p>Era la seconda presentazione del libro e la serata \u00e8 stata caratterizzata dalla notevole animazione nell\u2019ICBIE, poich\u00e9 sono arrivate persone da tutte le zone di Salvador per celebrare questo momento molto importante tanto per il nostro istituto, quanto per gli artisti del Graffittismo di tutto il mondo.<\/p>\n<\/div>[vc_images_carousel images=&#8221;24250,24253,24248,24245,24258,24257,24252,24254,24256,24249,24255,24251&#8243; img_size=&#8221;full&#8221;]<div class=\"last-paragraph-no-margin\"><p style=\"text-align: justify;\"><span style=\"font-weight: 400;\">Paranagu\u00e1 aveva gi\u00e0 presentato il suo libro nel mese di maggio al Goethe Institute di Salvador, ma teneva particolarmente a realizzare una seconda presentazione nel salone del casar\u00e3o come espressione di amore e apprezzamento verso l\u2019ICBIE e tutte le opere concepite dal nostro Pietro Gallina.<br \/>\n<\/span><\/p>\n<\/div><div class=\"vc_row wpb_row vc_inner vc_row-fluid\"><div class=\"wpb_column vc_column_container vc_col-sm-6  col-xs-mobile-fullwidth\"><div class=\"vc_column-inner \"><div class=\"wpb_wrapper\">[vc_images_carousel images=&#8221;24247&#8243; img_size=&#8221;full&#8221;]<\/div><\/div><\/div><div class=\"wpb_column vc_column_container vc_col-sm-6  col-xs-mobile-fullwidth\"><div class=\"vc_column-inner \"><div class=\"wpb_wrapper\"><div class=\" vc_custom_1687877244003 last-paragraph-no-margin\"><p style=\"text-align: justify;\"><span style=\"font-weight: 400;\">La presentazione si \u00e8 rivelata un successo. Al tavolo dei relatori, l\u2019autore,con accanto la moglie Shirley, le figlie Iamani e Irani, la Presidente dell\u2019ICBIE Marlene de Souza e la Presidente onoraria Marcella Sgura. Dopo una breve presentazione del saggio, Paranagu\u00e1 ha condiviso con i presenti la narrazione di momenti dei suoi viaggi in Italia in compagnia del nostro compianto Pietro, oltre le vicende collegate ad alcune fotografie che compongono questo suo secondo libro, con il pubblico, invitato a porre domande, togliersi dubbi e soddisfare curiosit\u00e0.<br \/>\nParanagu\u00e1 ha raccontato che il libro \u00e8 frutto del lavoro di catalogazione di fotografie iniziato negli anni \u201980 e terminato nel 2017, quando l\u2019opera era gi\u00e0 pronta, il lancio fu ritardato a causa della pandemia.<br \/>\nNella sede dell\u2019ICBIE l\u2019autore aveva presentato il suo primo libro, dal titolo \u201cA Arte na Rua- Resgate de interven\u00e7\u00f5es art\u00edsticas em Salvador\u201d, nel 2017.<br \/>\nComplimenti, Paranagu\u00e1, e auguri di altri libri e successo!<\/span><\/p>\n<p>Testo di Meg Boaventura<\/p>\n<\/div><\/div><\/div><\/div><\/div><div class=\"separator-line-horrizontal-full bg-extra-light-gray center-col pofo-separator  vc_custom_1507723650128\" style=\"background-color:#ededed; min-height: 1px; width: 100%;\"><\/div><\/div><\/div><\/div><\/section>\n<\/div>","protected":false},"excerpt":{"rendered":"\u00a0\u00a0\u00a0\u00a0\u00a0\u00a0\u00a0\u00a0\u00a0\u00a0 \u201cDi\u00e1logos com a cidade: o que dizem os poetas do Spray!\u201d Jos\u00e9 Paranagu\u00e1 Sabato 03 giugno, l\u2019ICBIE \u00e8 stato palcoscenico della presentazione del libro \u201cDi\u00e1logos com a cidade: o que dizem os poetas do Spray!\u201d del nostro caro collaboratore e amico Jos\u00e9 Paranagu\u00e1. Era la seconda presentazione del libro e la serata \u00e8 stata caratterizzata dalla notevole animazione nell\u2019ICBIE, poich\u00e9 sono arrivate persone da tutte le zone di Salvador per celebrare questo momento molto importante tanto per il nostro istituto, quanto per gli artisti del Graffittismo di tutto il mondo. [vc_images_carousel images=\"24250,24253,24248,24245,24258,24257,24252,24254,24256,24249,24255,24251\" img_size=\"full\"]Paranagu\u00e1 aveva gi\u00e0 presentato il suo libro nel mese di maggio al Goethe Institute di Salvador, ma teneva particolarmente a realizzare una seconda presentazione nel salone del casar\u00e3o come espressione di amore e apprezzamento verso l\u2019ICBIE e tutte le opere concepite dal nostro Pietro Gallina. [vc_images_carousel images=\"24247\" img_size=\"full\"]La presentazione si \u00e8 rivelata un successo. Al tavolo dei relatori, l\u2019autore,con accanto la moglie Shirley, le figlie Iamani e Irani, la Presidente dell\u2019ICBIE Marlene de Souza e la Presidente onoraria Marcella Sgura. Dopo una breve presentazione del saggio, Paranagu\u00e1 ha condiviso con i presenti la narrazione di momenti dei suoi viaggi in Italia in compagnia del nostro compianto Pietro,...","protected":false},"author":1,"featured_media":24244,"comment_status":"open","ping_status":"open","sticky":false,"template":"","format":"standard","meta":{"give_campaign_id":0,"footnotes":""},"categories":[110,113],"tags":[],"class_list":["post-24243","post","type-post","status-publish","format-standard","has-post-thumbnail","hentry","category-arte","category-evento"],"_links":{"self":[{"href":"https:\/\/icbie.net.br\/it\/wp-json\/wp\/v2\/posts\/24243","targetHints":{"allow":["GET"]}}],"collection":[{"href":"https:\/\/icbie.net.br\/it\/wp-json\/wp\/v2\/posts"}],"about":[{"href":"https:\/\/icbie.net.br\/it\/wp-json\/wp\/v2\/types\/post"}],"author":[{"embeddable":true,"href":"https:\/\/icbie.net.br\/it\/wp-json\/wp\/v2\/users\/1"}],"replies":[{"embeddable":true,"href":"https:\/\/icbie.net.br\/it\/wp-json\/wp\/v2\/comments?post=24243"}],"version-history":[{"count":3,"href":"https:\/\/icbie.net.br\/it\/wp-json\/wp\/v2\/posts\/24243\/revisions"}],"predecessor-version":[{"id":24261,"href":"https:\/\/icbie.net.br\/it\/wp-json\/wp\/v2\/posts\/24243\/revisions\/24261"}],"wp:featuredmedia":[{"embeddable":true,"href":"https:\/\/icbie.net.br\/it\/wp-json\/wp\/v2\/media\/24244"}],"wp:attachment":[{"href":"https:\/\/icbie.net.br\/it\/wp-json\/wp\/v2\/media?parent=24243"}],"wp:term":[{"taxonomy":"category","embeddable":true,"href":"https:\/\/icbie.net.br\/it\/wp-json\/wp\/v2\/categories?post=24243"},{"taxonomy":"post_tag","embeddable":true,"href":"https:\/\/icbie.net.br\/it\/wp-json\/wp\/v2\/tags?post=24243"}],"curies":[{"name":"wp","href":"https:\/\/api.w.org\/{rel}","templated":true}]}}