{"id":24189,"date":"2023-12-03T15:50:11","date_gmt":"2023-12-03T15:50:11","guid":{"rendered":"https:\/\/icbie.net.br\/?p=24189"},"modified":"2024-03-17T19:13:01","modified_gmt":"2024-03-17T19:13:01","slug":"26-de-novembro-dia-de-comemorar-a-vida-e-brindar-aos-encontros","status":"publish","type":"post","link":"https:\/\/icbie.net.br\/it\/26-de-novembro-dia-de-comemorar-a-vida-e-brindar-aos-encontros\/","title":{"rendered":"26 NOVEMBRE \u2013 GIORNO PER COMMEMORARE LA VITA E BRINDARE AGLI INCONTRI"},"content":{"rendered":"<div class=\"wpb-content-wrapper\"><section class=\"vc_row wpb_row vc_row-fluid  vc_custom_1507696989698\"><div class=\"wpb_column vc_column_container  col-xs-mobile-fullwidth\"><div class=\"vc_column-inner \"><div class=\"wpb_wrapper\"><div class=\"last-paragraph-no-margin\"><p style=\"text-align: justify;\"><span style=\"font-weight: 400;\">Il 26 novembre, data in cui ricorre l\u00b4anniversario della morte del nostro Maestro Pietro Gallina, \u00e9 diventato per l\u00b4ICBIE e per tutte le persone e i luoghi che lui ha influenzato, un giorno non appena per omaggiare la sua memoria, ma soprattutto un giorno per celebrare la vita, celebrare l\u00b4arte, la cultura, l\u00b4amicizia e la bellezza.<br \/>\nQuesto primo anno con molto coraggio, forza ed emozione il gruppo dell\u00b4ICBIE ha organizzato, qui a Salvador, una festa indimenticabile: guidati dalla sensibilit\u00e1 e dall\u00b4amore di Marlene nel ricordare momenti e attimi di 30 anni vissuti intensamente al lato di Pietro e diretti dal maestro visionario e provocatore, il nostro amico e direttore artistico Paco Gomes, il gruppo improvvisato di attuanti ha realizzato uno spettacolo itinerante tra gli spazi dell\u00b4ICBIE ripercorrendo un poco le idee, le passioni e le attivit\u00e1 promosse da Pietro.<br \/>\nLe bellissime foto scattate dal nostro amico JF Paranagu\u00e1 gi\u00e1 mostrano un poco delle tappe di questa performance ma, ripercorriamola insieme: abbiamo cominciato con l\u00b4inaugurazione del graffito, promessa fatta a Pietro ancora in vita e mantenuta da Julio e Bigode di realizzare la Pacha Mama sulla parete laterale del casar\u00e3o; aprofittando dello scenario si sono svolti canti e giochi di capoeira coinvolgendo il poeta Gregorio de Matos (coincidenza anche lui morto il 26 novembre). Cos\u00ed il pubblico \u00e9 stato condotto dai versi del poeta e dal gioco della capoeira fino alla porta principale dell\u00b4ICBIE dove la performance \u00e9 continuata con versi di Castro Alves e una scena del poema Navio Negreiro. Lo scenario cambia e siamo entrati nel casar\u00e3o con una scena di benvenuto realizzata nella sala di lettura e una performance di teatro-danza nella Biblioteca Leonardo da Vinci.<br \/>\n<\/span><\/p>\n<\/div>[vc_images_carousel images=&#8221;25203,25214,25213,25212,25211,25210,25209,25208,25206,25205,25204,25215&#8243; img_size=&#8221;full&#8221; speed=&#8221;3000&#8243;]<div class=\"last-paragraph-no-margin\"><p><span style=\"font-weight: 400;\">Il pubblico \u00e9 stato condotto nel passaggio di ogni scena dalla figura dell\u00b4Araldo che dalla Biblioteca ha proseguito fino al salone nobile del casar\u00e3o dove si \u00e9 realizzata una piccola performance musicale di strumenti a fiato interrotta dall\u00b4irruzione del Drag\u00e3o Preto (personaggio dell\u00b4operetta \u201cCidade em Perigo ou O Traficante Drag\u00e3o Preto\u201d, opera basata su \u201cO Drag\u00e3o Verde\u201d di Maria Clara Machado rappresentata ad agosto 2011 con la partecipazione della pianista Silvia Stoppani) e dal suo inseguimento fino al salone dell\u00b4ICBIE dove \u00e9 stato messo in scena un atto di \u201cProibido Ler\u201d, opera di teatro rappresentata a luglio 2012 con la direzione di Francesca Tagliafierro.<\/span><\/p>\n<p>Subito dopo, il personaggio dell\u00b4atto e il pubblico sono stati condotti dall\u00b4Araldo verso il patio principale dove \u00e9 avvenuto il cancan di Offenbach, ballo amato da Pietro perch\u00e9 rappresenta una critica alla societ\u00e1 borghese dell\u00b4inizio del secolo XIX. Il cancan dell\u00b4ICBIE \u00e9 stato molto baiano, visto che in scena sono entrati anche i capoeristi giocando a ritmo di danza. La perfomance si \u00e9 conclusa con un inno al vino e alla vita, abbiamo brindato sulle note di un altro compositore amato da Pietro, Verdi, con il suo \u201cLibiamo\u201d, che il pubblico ha intonato con molto entusiasmo e allegria.<br \/>\nIl salone nobile \u00e9 diventato di nuovo scenario per il momento musicale dei nostri musicisti e le nostre cantanti, che hanno intrattenuto il pubblico fino a quando \u00e9 stata servita la classica pasta all\u00b4amatriciana per deliziare i palati dei presenti. Tutto l\u00b4evento \u00e9 stato filmato dal cameraman Fabricio Seixas e il risultato sar\u00e1 un video che in breve pubblicheremo nel nostro canale YouTube.<\/p>\n<\/div>[vc_images_carousel images=&#8221;25234,25233,25232,25231,25230,25229,25228,25227,25226,25225,25224,25223,25222,25221&#8243; img_size=&#8221;full&#8221; speed=&#8221;3000&#8243;]<div class=\"vc_row wpb_row vc_inner vc_row-fluid\"><div class=\"wpb_column vc_column_container vc_col-sm-6  col-xs-mobile-fullwidth\"><div class=\"vc_column-inner \"><div class=\"wpb_wrapper\">[vc_images_carousel images=&#8221;25207&#8243; img_size=&#8221;full&#8221; speed=&#8221;3000&#8243;]<\/div><\/div><\/div><div class=\"wpb_column vc_column_container vc_col-sm-6  col-xs-mobile-fullwidth\"><div class=\"vc_column-inner \"><div class=\"wpb_wrapper\"><div class=\" vc_custom_1702227513944 last-paragraph-no-margin\"><p style=\"text-align: justify;\"><span style=\"font-weight: 400;\">Vogliamo anche ricordare che lo stesso giorno e quasi nello stesso orario l\u00b4ICBIE in Italia stava realizzando un\u00b4altra bella festa in omaggio a Pietro allo Spin Time a Roma, confermando il ciclo di amicizia e affetto che sempre ha circondato la figura del nostro Maestro.<br \/>\n\u00c9 stata una notte magica, piena di emozione e poca tristezza perch\u00e9 \u00e9 stata la dimostrazione che ci\u00f3 che ci ha lasciato Pietro \u00e9 forte e si mantiene vivo.<\/span><\/p>\n<\/div><\/div><\/div><\/div><\/div><div class=\" vc_custom_1701618325654 last-paragraph-no-margin\"><p style=\"text-align: justify;\"><span style=\"font-weight: 400;\">Un ringraziamento speciale a Paco e a tutti quelli che si sono uniti per la realizzazione dello spettacolo: Luz, Natiely, Meg, Talita, Luque, Jean, Roy, Ivanildo, Leoa, Voltaseca, Mestre Zambi, Mestre Avestruz, Ivanildo, Gessica, Marlene e Marcella. Un grazie ai musicisti Maur\u00edssio e Eduardo. Un grande grazie per l\u00b4aiuto logistico e l\u00b4organizzazione di F\u00e1bio, Dona Lu, Keziah, Raquel, Dina e Dona Antonia. Grazie a Kate, John, Salvatore e Mauro per la partecipazione a sorpresa dell\u00b4ultimo momento.<br \/>\nMa, soprattutto un ringraziamento super speciale a tutti i nostri amici, ex alunni, sostenitori e collaboratori del passato, presente e del futoro che hanno partecipato dell\u00b4evento perch\u00e9 voi rappresentate quello che ci ha lasciato Pietro: il vero senso dell\u00b4amicizia, l\u00b4amore per gli incontri, per l\u00b4arte e per la cultura.<br \/>\nViva Pi\u00ea e alla prossima!<\/p>\n<\/div><div class=\"separator-line-horrizontal-full bg-extra-light-gray center-col pofo-separator  vc_custom_1507723650128\" style=\"background-color:#ededed; min-height: 1px; width: 100%;\"><\/div><\/div><\/div><\/div><\/section><section class=\"vc_row wpb_row vc_row-fluid\"><div class=\"wpb_column vc_column_container  col-xs-mobile-fullwidth\"><div class=\"vc_column-inner \"><div class=\"wpb_wrapper\"><div class=\"last-paragraph-no-margin\"><p><\/span><\/p>\n<\/div><\/div><\/div><\/div><\/section>\n<\/div>","protected":false},"excerpt":{"rendered":"Il 26 novembre, data in cui ricorre l\u00b4anniversario della morte del nostro Maestro Pietro Gallina, \u00e9 diventato per l\u00b4ICBIE e per tutte le persone e i luoghi che lui ha influenzato, un giorno non appena per omaggiare la sua memoria, ma soprattutto un giorno per celebrare la vita, celebrare l\u00b4arte, la cultura, l\u00b4amicizia e la bellezza. Questo primo anno con molto coraggio, forza ed emozione il gruppo dell\u00b4ICBIE ha organizzato, qui a Salvador, una festa indimenticabile: guidati dalla sensibilit\u00e1 e dall\u00b4amore di Marlene nel ricordare momenti e attimi di 30 anni vissuti intensamente al lato di Pietro e diretti dal maestro visionario e provocatore, il nostro amico e direttore artistico Paco Gomes, il gruppo improvvisato di attuanti ha realizzato uno spettacolo itinerante tra gli spazi dell\u00b4ICBIE ripercorrendo un poco le idee, le passioni e le attivit\u00e1 promosse da Pietro. Le bellissime foto scattate dal nostro amico JF Paranagu\u00e1 gi\u00e1 mostrano un poco delle tappe di questa performance ma, ripercorriamola insieme: abbiamo cominciato con l\u00b4inaugurazione del graffito, promessa fatta a Pietro ancora in vita e mantenuta da Julio e Bigode di realizzare la Pacha Mama sulla parete laterale del casar\u00e3o; aprofittando dello scenario si sono svolti canti e giochi di capoeira...","protected":false},"author":1,"featured_media":24711,"comment_status":"open","ping_status":"open","sticky":false,"template":"","format":"standard","meta":{"give_campaign_id":0,"footnotes":""},"categories":[110],"tags":[],"class_list":["post-24189","post","type-post","status-publish","format-standard","has-post-thumbnail","hentry","category-arte"],"_links":{"self":[{"href":"https:\/\/icbie.net.br\/it\/wp-json\/wp\/v2\/posts\/24189","targetHints":{"allow":["GET"]}}],"collection":[{"href":"https:\/\/icbie.net.br\/it\/wp-json\/wp\/v2\/posts"}],"about":[{"href":"https:\/\/icbie.net.br\/it\/wp-json\/wp\/v2\/types\/post"}],"author":[{"embeddable":true,"href":"https:\/\/icbie.net.br\/it\/wp-json\/wp\/v2\/users\/1"}],"replies":[{"embeddable":true,"href":"https:\/\/icbie.net.br\/it\/wp-json\/wp\/v2\/comments?post=24189"}],"version-history":[{"count":10,"href":"https:\/\/icbie.net.br\/it\/wp-json\/wp\/v2\/posts\/24189\/revisions"}],"predecessor-version":[{"id":25235,"href":"https:\/\/icbie.net.br\/it\/wp-json\/wp\/v2\/posts\/24189\/revisions\/25235"}],"wp:featuredmedia":[{"embeddable":true,"href":"https:\/\/icbie.net.br\/it\/wp-json\/wp\/v2\/media\/24711"}],"wp:attachment":[{"href":"https:\/\/icbie.net.br\/it\/wp-json\/wp\/v2\/media?parent=24189"}],"wp:term":[{"taxonomy":"category","embeddable":true,"href":"https:\/\/icbie.net.br\/it\/wp-json\/wp\/v2\/categories?post=24189"},{"taxonomy":"post_tag","embeddable":true,"href":"https:\/\/icbie.net.br\/it\/wp-json\/wp\/v2\/tags?post=24189"}],"curies":[{"name":"wp","href":"https:\/\/api.w.org\/{rel}","templated":true}]}}