{"id":24030,"date":"2022-03-25T02:29:24","date_gmt":"2022-03-25T02:29:24","guid":{"rendered":"https:\/\/icbie.net.br\/?p=24030"},"modified":"2022-04-14T00:10:59","modified_gmt":"2022-04-14T00:10:59","slug":"recomeco-das-atividades-no-icbie","status":"publish","type":"post","link":"https:\/\/icbie.net.br\/it\/recomeco-das-atividades-no-icbie\/","title":{"rendered":"RICOMINCIANO LE ATTIVIT\u00c1 ALL\u00b4ICBIE"},"content":{"rendered":"<div class=\"wpb-content-wrapper\"><section class=\"vc_row wpb_row vc_row-fluid\"><div class=\"wpb_column vc_column_container vc_col-sm-6  col-xs-mobile-fullwidth\"><div class=\"vc_column-inner \"><div class=\"wpb_wrapper\">[vc_text_separator title=&#8221;RICOMINCIANO LE ATTIVIT\u00c1 ALL\u00b4ICBIE&#8221;]<div class=\"last-paragraph-no-margin\"><p style=\"text-align: justify;\">Le nostre attivit\u00e1 ricominceranno a partire da marzo di quest\u00b4anno con tutta l\u00b4attenzione e il rispetto delle misure di protezione contro il Coronavirus. Ma, prima di iniziare questo nuovo ciclo, anche il <em>casar\u00e3o<\/em> dell\u00b4ICBIE sta rinnovando la facciata con una rinfrescata alla sua pittura: i lavori vanno avanti a tutto vapore per poter essere pronto il prima possibile.<\/p>\n<\/div><\/div><\/div><\/div><div class=\"wpb_column vc_column_container vc_col-sm-6  col-xs-mobile-fullwidth\"><div class=\"vc_column-inner \"><div class=\"wpb_wrapper\">[vc_images_carousel images=&#8221;24033,24032,24034&#8243; img_size=&#8221;300 x 300&#8243;]<\/div><\/div><\/div><div class=\"wpb_column vc_column_container  col-xs-mobile-fullwidth\"><div class=\"vc_column-inner \"><div class=\"wpb_wrapper\"><div class=\"last-paragraph-no-margin\"><p style=\"text-align: justify;\">Stando sempre attenti alla salute e alla sicurezza di chi frequenta l\u00b4Istituto, per partecipare delle attivit\u00e1 proposte sar\u00e1 necessario mostrare il certificato di vaccinazione (per lo meno la 1\u00aa dose) contro il covid-19 e l\u00b4uso della maschera sar\u00e1 sembre obbligatorio. Ecco il nostro programma:<\/p>\n<\/div><div class=\"last-paragraph-no-margin\"><p style=\"text-align: justify;\"><strong>INGL\u00caSE B\u00c1SICO<\/strong>:<br \/>\n&#8211; Lunedi e mercoledi dalle 18h alle 19h<br \/>\n&#8211; Inizio delle lezioni, il 14 marzo<\/p>\n<p style=\"text-align: justify;\"><strong>INGL\u00caSE INTERMEDI\u00c1RIO<\/strong>:<br \/>\n&#8211; Lunedi e mercoledi dalle 19h alle 20h<br \/>\n&#8211; Inizio delle lezioni, il 14 marzo<\/p>\n<p style=\"text-align: justify;\"><strong>TEATRO<\/strong>:<br \/>\n&#8211; sabato dalle 17;30 alle 19h<br \/>\n&#8211; Inizio delle lezioni il 2 aprile.<\/p>\n<p style=\"text-align: justify;\"><strong>DISEGNO DI OSSERVAZIONE:<\/strong><br \/>\n&#8211; Sabato dalle 8h alle 10h<br \/>\n&#8211; Inizio delle lezioni, il 12 marzo.<\/p>\n<p style=\"text-align: justify;\"><strong>INTRODUZIONE AL GRAFFITO:<\/strong><br \/>\n&#8211; Sabato dalle 10h alle 12h<br \/>\n&#8211; Inizio delle lezioni, il 12 marzo.<\/p>\n<p style=\"text-align: justify;\"><strong>CAPOEIRA:<\/strong><br \/>\n&#8211; Lunedi e mercoledi, dalle 19;30 alle 21h, con il gruppo UNICAR CBX<\/p>\n<p style=\"text-align: justify;\">Le iscrizioni saranno realizzate attraverso il formulario online: <a href=\"https:\/\/forms.gle\/5dTVinfyRZ3Ph6X86\">https:\/\/forms.gle\/5dTVinfyRZ3Ph6X86<\/a> o presenzialmente il martedi dalle 15h alle 17h.<\/p>\n<p style=\"text-align: justify;\">E in aprile ricominceranno anche le proiezioni del nostro cineforum con il tema Cinema e Educazione. Aspettate i dettagli!<\/p>\n<\/div><div class=\"separator-line-horrizontal-full bg-extra-light-gray center-col pofo-separator  vc_custom_1507723650128\" style=\"background-color:#ededed; min-height: 1px; width: 100%;\"><\/div><\/div><\/div><\/div><\/section>\n<\/div>","protected":false},"excerpt":{"rendered":"[vc_text_separator title=\"RICOMINCIANO LE ATTIVIT\u00c1 ALL\u00b4ICBIE\"]Le nostre attivit\u00e1 ricominceranno a partire da marzo di quest\u00b4anno con tutta l\u00b4attenzione e il rispetto delle misure di protezione contro il Coronavirus. Ma, prima di iniziare questo nuovo ciclo, anche il casar\u00e3o dell\u00b4ICBIE sta rinnovando la facciata con una rinfrescata alla sua pittura: i lavori vanno avanti a tutto vapore per poter essere pronto il prima possibile. [vc_images_carousel images=\"24033,24032,24034\" img_size=\"300 x 300\"]Stando sempre attenti alla salute e alla sicurezza di chi frequenta l\u00b4Istituto, per partecipare delle attivit\u00e1 proposte sar\u00e1 necessario mostrare il certificato di vaccinazione (per lo meno la 1\u00aa dose) contro il covid-19 e l\u00b4uso della maschera sar\u00e1 sembre obbligatorio. Ecco il nostro programma: INGL\u00caSE B\u00c1SICO: - Lunedi e mercoledi dalle 18h alle 19h - Inizio delle lezioni, il 14 marzo INGL\u00caSE INTERMEDI\u00c1RIO: - Lunedi e mercoledi dalle 19h alle 20h - Inizio delle lezioni, il 14 marzo TEATRO: - sabato dalle 17;30 alle 19h - Inizio delle lezioni il 2 aprile. DISEGNO DI OSSERVAZIONE: - Sabato dalle 8h alle 10h - Inizio delle lezioni, il 12 marzo. INTRODUZIONE AL GRAFFITO: - Sabato dalle 10h alle 12h - Inizio delle lezioni, il 12 marzo. CAPOEIRA: - Lunedi e mercoledi, dalle 19;30 alle 21h, con...","protected":false},"author":1,"featured_media":24018,"comment_status":"open","ping_status":"open","sticky":false,"template":"","format":"standard","meta":{"give_campaign_id":0,"footnotes":""},"categories":[96],"tags":[],"class_list":["post-24030","post","type-post","status-publish","format-standard","has-post-thumbnail","hentry","category-icbie-news"],"_links":{"self":[{"href":"https:\/\/icbie.net.br\/it\/wp-json\/wp\/v2\/posts\/24030","targetHints":{"allow":["GET"]}}],"collection":[{"href":"https:\/\/icbie.net.br\/it\/wp-json\/wp\/v2\/posts"}],"about":[{"href":"https:\/\/icbie.net.br\/it\/wp-json\/wp\/v2\/types\/post"}],"author":[{"embeddable":true,"href":"https:\/\/icbie.net.br\/it\/wp-json\/wp\/v2\/users\/1"}],"replies":[{"embeddable":true,"href":"https:\/\/icbie.net.br\/it\/wp-json\/wp\/v2\/comments?post=24030"}],"version-history":[{"count":22,"href":"https:\/\/icbie.net.br\/it\/wp-json\/wp\/v2\/posts\/24030\/revisions"}],"predecessor-version":[{"id":24061,"href":"https:\/\/icbie.net.br\/it\/wp-json\/wp\/v2\/posts\/24030\/revisions\/24061"}],"wp:featuredmedia":[{"embeddable":true,"href":"https:\/\/icbie.net.br\/it\/wp-json\/wp\/v2\/media\/24018"}],"wp:attachment":[{"href":"https:\/\/icbie.net.br\/it\/wp-json\/wp\/v2\/media?parent=24030"}],"wp:term":[{"taxonomy":"category","embeddable":true,"href":"https:\/\/icbie.net.br\/it\/wp-json\/wp\/v2\/categories?post=24030"},{"taxonomy":"post_tag","embeddable":true,"href":"https:\/\/icbie.net.br\/it\/wp-json\/wp\/v2\/tags?post=24030"}],"curies":[{"name":"wp","href":"https:\/\/api.w.org\/{rel}","templated":true}]}}